{"id":1271,"date":"2025-04-22T16:52:36","date_gmt":"2025-04-22T14:52:36","guid":{"rendered":"https:\/\/wordpress.nibis.de\/wbsbram\/?p=1271"},"modified":"2025-08-26T22:01:24","modified_gmt":"2025-08-26T20:01:24","slug":"ein-trauerkoffer-fuer-unsere-schule","status":"publish","type":"post","link":"https:\/\/wordpress.nibis.de\/wbsbram\/2025\/04\/22\/ein-trauerkoffer-fuer-unsere-schule\/","title":{"rendered":"Ein Trostkoffer f\u00fcr unsere Schule"},"content":{"rendered":"\n<p><strong>\u2013 Hilfe im Umgang mit Tod, Trauer und Abschied<\/strong><\/p>\n\n\n\n<p>Seit Kurzem gibt es an unserer Schule einen&nbsp;Trostkoffer, der Sch\u00fclerinnen und Sch\u00fclern sowie dem Kollegium zur Verf\u00fcgung steht. Er wurde von der&nbsp;Fachkonferenz Religion&nbsp;zusammengestellt und soll dabei helfen, mit den Themen&nbsp;Tod, Trauer und Abschied&nbsp;sensibel und unterst\u00fctzend umzugehen.<\/p>\n\n\n\n<figure class=\"wp-block-image size-large is-resized\"><img loading=\"lazy\" decoding=\"async\" src=\"https:\/\/wordpress.nibis.de\/wbsbram\/files\/2025\/04\/IMG_1130-1024x768.jpg\" alt=\"\" class=\"wp-image-1272\" width=\"702\" height=\"527\" srcset=\"https:\/\/wordpress.nibis.de\/wbsbram\/files\/2025\/04\/IMG_1130-1024x768.jpg 1024w, https:\/\/wordpress.nibis.de\/wbsbram\/files\/2025\/04\/IMG_1130-300x225.jpg 300w, https:\/\/wordpress.nibis.de\/wbsbram\/files\/2025\/04\/IMG_1130-768x576.jpg 768w, https:\/\/wordpress.nibis.de\/wbsbram\/files\/2025\/04\/IMG_1130-1536x1152.jpg 1536w, https:\/\/wordpress.nibis.de\/wbsbram\/files\/2025\/04\/IMG_1130-2048x1536.jpg 2048w\" sizes=\"auto, (max-width: 702px) 100vw, 702px\" \/><figcaption>Hier ist eine kleine Auswahl an Materialien des Trostkoffers zu sehen.\u00a0<\/figcaption><\/figure>\n\n\n\n<!--more-->\n\n\n\n<p>Der Koffer enth\u00e4lt unter anderem B\u00fccher, Materialien zur Gespr\u00e4chsf\u00fchrung, kreative Impulse und Anregungen, wie man in schwierigen Situationen Trost spenden und Orientierung geben kann.<\/p>\n\n\n\n<p>Die Anschaffung des Koffers wurde mit einer gro\u00dfz\u00fcgigen&nbsp;F\u00f6rderung von 500\u202f\u20ac durch die Evangelische Landeskirche Hannovers&nbsp;erm\u00f6glicht \u2013 daf\u00fcr sagen wir herzlichen Dank!<\/p>\n","protected":false},"excerpt":{"rendered":"<p>\u2013 Hilfe im Umgang mit Tod, Trauer und Abschied Seit Kurzem gibt es an unserer Schule einen&nbsp;Trostkoffer, der Sch\u00fclerinnen und Sch\u00fclern sowie dem Kollegium zur Verf\u00fcgung steht. Er wurde von der&nbsp;Fachkonferenz Religion&nbsp;zusammengestellt und soll dabei helfen, mit den Themen&nbsp;Tod, Trauer und Abschied&nbsp;sensibel und unterst\u00fctzend umzugehen.<\/p>\n","protected":false},"author":9194125,"featured_media":0,"comment_status":"closed","ping_status":"closed","sticky":false,"template":"","format":"standard","meta":{"footnotes":""},"categories":[11],"tags":[],"class_list":["post-1271","post","type-post","status-publish","format-standard","hentry","category-schuljahr-2024-2025"],"_links":{"self":[{"href":"https:\/\/wordpress.nibis.de\/wbsbram\/wp-json\/wp\/v2\/posts\/1271","targetHints":{"allow":["GET"]}}],"collection":[{"href":"https:\/\/wordpress.nibis.de\/wbsbram\/wp-json\/wp\/v2\/posts"}],"about":[{"href":"https:\/\/wordpress.nibis.de\/wbsbram\/wp-json\/wp\/v2\/types\/post"}],"author":[{"embeddable":true,"href":"https:\/\/wordpress.nibis.de\/wbsbram\/wp-json\/wp\/v2\/users\/9194125"}],"replies":[{"embeddable":true,"href":"https:\/\/wordpress.nibis.de\/wbsbram\/wp-json\/wp\/v2\/comments?post=1271"}],"version-history":[{"count":4,"href":"https:\/\/wordpress.nibis.de\/wbsbram\/wp-json\/wp\/v2\/posts\/1271\/revisions"}],"predecessor-version":[{"id":1334,"href":"https:\/\/wordpress.nibis.de\/wbsbram\/wp-json\/wp\/v2\/posts\/1271\/revisions\/1334"}],"wp:attachment":[{"href":"https:\/\/wordpress.nibis.de\/wbsbram\/wp-json\/wp\/v2\/media?parent=1271"}],"wp:term":[{"taxonomy":"category","embeddable":true,"href":"https:\/\/wordpress.nibis.de\/wbsbram\/wp-json\/wp\/v2\/categories?post=1271"},{"taxonomy":"post_tag","embeddable":true,"href":"https:\/\/wordpress.nibis.de\/wbsbram\/wp-json\/wp\/v2\/tags?post=1271"}],"curies":[{"name":"wp","href":"https:\/\/api.w.org\/{rel}","templated":true}]}}