{"id":1305,"date":"2025-05-07T11:28:55","date_gmt":"2025-05-07T09:28:55","guid":{"rendered":"https:\/\/wordpress.nibis.de\/wbsbram\/?p=1305"},"modified":"2025-08-26T22:01:38","modified_gmt":"2025-08-26T20:01:38","slug":"mobilitaetstag-des-primarbereiches","status":"publish","type":"post","link":"https:\/\/wordpress.nibis.de\/wbsbram\/2025\/05\/07\/mobilitaetstag-des-primarbereiches\/","title":{"rendered":"Mobilit\u00e4tstag des Primarbereiches"},"content":{"rendered":"\n<p>Am 29.04. fand der Mobilit\u00e4tstag der Klassen ESE 1und 2, sowie GE 1-3 und 1-4 statt. Es ging in diesem Jahr um das Thema \u201eSicherheit im Stra\u00dfenverkehr\u201c.<\/p>\n\n\n\n<figure class=\"wp-block-image size-large is-resized\"><img loading=\"lazy\" decoding=\"async\" src=\"https:\/\/wordpress.nibis.de\/wbsbram\/files\/2025\/05\/20250429_101952a-1024x768.jpg\" alt=\"\" class=\"wp-image-1307\" width=\"713\" height=\"535\" srcset=\"https:\/\/wordpress.nibis.de\/wbsbram\/files\/2025\/05\/20250429_101952a-1024x768.jpg 1024w, https:\/\/wordpress.nibis.de\/wbsbram\/files\/2025\/05\/20250429_101952a-300x225.jpg 300w, https:\/\/wordpress.nibis.de\/wbsbram\/files\/2025\/05\/20250429_101952a-768x576.jpg 768w, https:\/\/wordpress.nibis.de\/wbsbram\/files\/2025\/05\/20250429_101952a-1536x1152.jpg 1536w, https:\/\/wordpress.nibis.de\/wbsbram\/files\/2025\/05\/20250429_101952a-2048x1536.jpg 2048w\" sizes=\"auto, (max-width: 713px) 100vw, 713px\" \/><\/figure>\n\n\n\n<!--more-->\n\n\n\n<p>Der Unterricht fand nicht nur im Klassenzimmer, sondern auch in der Turnhalle statt, wo die Sch\u00fclerinnen und Sch\u00fcler in einem Fu\u00dfg\u00e4ngerparcours ihre motorischen F\u00e4higkeiten trainieren konnten.<\/p>\n\n\n\n<p>Unterst\u00fctzt wurden wir im praktischen Teil von der Pr\u00e4ventionsbeauftragten der Polizei Bramsche, Frau Westerfeld. Mit ihr hat jede der teilnehmenden Klassen ge\u00fcbt, eine Stra\u00dfe zu \u00fcberqueren. Dar\u00fcber hinaus hat Frau Westerfeld viele wichtige Tipps gegeben, um sich sicher im Stra\u00dfenverkehr zu bewegen.<\/p>\n\n\n\n<p>Ein absolutes Highlight war dann, als Frau Westerfeld den Polizeibulli gezeigt und die vielen Funktionen, wie z.B. das Blaulicht, demonstriert hat. Zum Abschluss durften die Sch\u00fclerinnen und Sch\u00fcler noch im Polizeibulli Platz nehmen.<\/p>\n\n\n\n<figure class=\"wp-block-gallery has-nested-images columns-default is-cropped wp-block-gallery-1 is-layout-flex wp-block-gallery-is-layout-flex\">\n<figure class=\"wp-block-image size-large\"><img loading=\"lazy\" decoding=\"async\" width=\"768\" height=\"1024\" data-id=\"1309\" src=\"https:\/\/wordpress.nibis.de\/wbsbram\/files\/2025\/05\/20250429_100551-768x1024.jpg\" alt=\"\" class=\"wp-image-1309\" srcset=\"https:\/\/wordpress.nibis.de\/wbsbram\/files\/2025\/05\/20250429_100551-768x1024.jpg 768w, https:\/\/wordpress.nibis.de\/wbsbram\/files\/2025\/05\/20250429_100551-225x300.jpg 225w, https:\/\/wordpress.nibis.de\/wbsbram\/files\/2025\/05\/20250429_100551-1152x1536.jpg 1152w, https:\/\/wordpress.nibis.de\/wbsbram\/files\/2025\/05\/20250429_100551-1536x2048.jpg 1536w, https:\/\/wordpress.nibis.de\/wbsbram\/files\/2025\/05\/20250429_100551-scaled.jpg 1920w\" sizes=\"auto, (max-width: 768px) 100vw, 768px\" \/><\/figure>\n\n\n\n<figure class=\"wp-block-image size-large\"><img loading=\"lazy\" decoding=\"async\" width=\"819\" height=\"1024\" data-id=\"1308\" src=\"https:\/\/wordpress.nibis.de\/wbsbram\/files\/2025\/05\/20250429_082914a-1-819x1024.jpg\" alt=\"\" class=\"wp-image-1308\" srcset=\"https:\/\/wordpress.nibis.de\/wbsbram\/files\/2025\/05\/20250429_082914a-1-819x1024.jpg 819w, https:\/\/wordpress.nibis.de\/wbsbram\/files\/2025\/05\/20250429_082914a-1-240x300.jpg 240w, https:\/\/wordpress.nibis.de\/wbsbram\/files\/2025\/05\/20250429_082914a-1-768x961.jpg 768w, https:\/\/wordpress.nibis.de\/wbsbram\/files\/2025\/05\/20250429_082914a-1-1228x1536.jpg 1228w, https:\/\/wordpress.nibis.de\/wbsbram\/files\/2025\/05\/20250429_082914a-1-1637x2048.jpg 1637w, https:\/\/wordpress.nibis.de\/wbsbram\/files\/2025\/05\/20250429_082914a-1-scaled.jpg 2046w\" sizes=\"auto, (max-width: 819px) 100vw, 819px\" \/><\/figure>\n\n\n\n<figure class=\"wp-block-image size-large\"><img loading=\"lazy\" decoding=\"async\" width=\"768\" height=\"1024\" data-id=\"1312\" src=\"https:\/\/wordpress.nibis.de\/wbsbram\/files\/2025\/05\/Foto-29.04.25-10-07-17-768x1024.jpg\" alt=\"\" class=\"wp-image-1312\" srcset=\"https:\/\/wordpress.nibis.de\/wbsbram\/files\/2025\/05\/Foto-29.04.25-10-07-17-768x1024.jpg 768w, https:\/\/wordpress.nibis.de\/wbsbram\/files\/2025\/05\/Foto-29.04.25-10-07-17-225x300.jpg 225w, https:\/\/wordpress.nibis.de\/wbsbram\/files\/2025\/05\/Foto-29.04.25-10-07-17-1152x1536.jpg 1152w, https:\/\/wordpress.nibis.de\/wbsbram\/files\/2025\/05\/Foto-29.04.25-10-07-17-1536x2048.jpg 1536w, https:\/\/wordpress.nibis.de\/wbsbram\/files\/2025\/05\/Foto-29.04.25-10-07-17-scaled.jpg 1920w\" sizes=\"auto, (max-width: 768px) 100vw, 768px\" \/><\/figure>\n\n\n\n<figure class=\"wp-block-image size-large\"><img loading=\"lazy\" decoding=\"async\" width=\"768\" height=\"1024\" data-id=\"1310\" src=\"https:\/\/wordpress.nibis.de\/wbsbram\/files\/2025\/05\/20250429_095215-768x1024.jpg\" alt=\"\" class=\"wp-image-1310\" srcset=\"https:\/\/wordpress.nibis.de\/wbsbram\/files\/2025\/05\/20250429_095215-768x1024.jpg 768w, https:\/\/wordpress.nibis.de\/wbsbram\/files\/2025\/05\/20250429_095215-225x300.jpg 225w, https:\/\/wordpress.nibis.de\/wbsbram\/files\/2025\/05\/20250429_095215-1152x1536.jpg 1152w, https:\/\/wordpress.nibis.de\/wbsbram\/files\/2025\/05\/20250429_095215-1536x2048.jpg 1536w, https:\/\/wordpress.nibis.de\/wbsbram\/files\/2025\/05\/20250429_095215-scaled.jpg 1920w\" sizes=\"auto, (max-width: 768px) 100vw, 768px\" \/><\/figure>\n<\/figure>\n","protected":false},"excerpt":{"rendered":"<p>Am 29.04. fand der Mobilit\u00e4tstag der Klassen ESE 1und 2, sowie GE 1-3 und 1-4 statt. Es ging in diesem Jahr um das Thema \u201eSicherheit im Stra\u00dfenverkehr\u201c.<\/p>\n","protected":false},"author":9194125,"featured_media":0,"comment_status":"closed","ping_status":"closed","sticky":false,"template":"","format":"standard","meta":{"footnotes":""},"categories":[11],"tags":[],"class_list":["post-1305","post","type-post","status-publish","format-standard","hentry","category-schuljahr-2024-2025"],"_links":{"self":[{"href":"https:\/\/wordpress.nibis.de\/wbsbram\/wp-json\/wp\/v2\/posts\/1305","targetHints":{"allow":["GET"]}}],"collection":[{"href":"https:\/\/wordpress.nibis.de\/wbsbram\/wp-json\/wp\/v2\/posts"}],"about":[{"href":"https:\/\/wordpress.nibis.de\/wbsbram\/wp-json\/wp\/v2\/types\/post"}],"author":[{"embeddable":true,"href":"https:\/\/wordpress.nibis.de\/wbsbram\/wp-json\/wp\/v2\/users\/9194125"}],"replies":[{"embeddable":true,"href":"https:\/\/wordpress.nibis.de\/wbsbram\/wp-json\/wp\/v2\/comments?post=1305"}],"version-history":[{"count":3,"href":"https:\/\/wordpress.nibis.de\/wbsbram\/wp-json\/wp\/v2\/posts\/1305\/revisions"}],"predecessor-version":[{"id":1318,"href":"https:\/\/wordpress.nibis.de\/wbsbram\/wp-json\/wp\/v2\/posts\/1305\/revisions\/1318"}],"wp:attachment":[{"href":"https:\/\/wordpress.nibis.de\/wbsbram\/wp-json\/wp\/v2\/media?parent=1305"}],"wp:term":[{"taxonomy":"category","embeddable":true,"href":"https:\/\/wordpress.nibis.de\/wbsbram\/wp-json\/wp\/v2\/categories?post=1305"},{"taxonomy":"post_tag","embeddable":true,"href":"https:\/\/wordpress.nibis.de\/wbsbram\/wp-json\/wp\/v2\/tags?post=1305"}],"curies":[{"name":"wp","href":"https:\/\/api.w.org\/{rel}","templated":true}]}}