{"id":898,"date":"2024-12-11T16:48:26","date_gmt":"2024-12-11T15:48:26","guid":{"rendered":"https:\/\/wordpress.nibis.de\/wbsbram\/?p=898"},"modified":"2025-08-26T21:59:35","modified_gmt":"2025-08-26T19:59:35","slug":"der-nikolaus-war-da","status":"publish","type":"post","link":"https:\/\/wordpress.nibis.de\/wbsbram\/2024\/12\/11\/der-nikolaus-war-da\/","title":{"rendered":"Der Nikolaus war da"},"content":{"rendered":"\n<figure class=\"wp-block-image size-full is-resized\"><img loading=\"lazy\" decoding=\"async\" src=\"https:\/\/wordpress.nibis.de\/wbsbram\/files\/2024\/12\/20241206_110851.jpg\" alt=\"\" class=\"wp-image-899\" width=\"631\" height=\"436\" srcset=\"https:\/\/wordpress.nibis.de\/wbsbram\/files\/2024\/12\/20241206_110851.jpg 800w, https:\/\/wordpress.nibis.de\/wbsbram\/files\/2024\/12\/20241206_110851-300x207.jpg 300w, https:\/\/wordpress.nibis.de\/wbsbram\/files\/2024\/12\/20241206_110851-768x531.jpg 768w\" sizes=\"auto, (max-width: 631px) 100vw, 631px\" \/><\/figure>\n\n\n\n<p>Am 6. Dezember war der Nikolaus bei uns an der Schule. Begleitet wurde er von einem Engel.<\/p>\n\n\n\n<!--more-->\n\n\n\n<p>Die ganze Schule hatte sich in der Turnhalle versammelt. Angelockt durch das Lied &#8222;Lasst uns froh und munter sein&#8220;, kam der Nikolaus mit dem Engel auf seinem Schlitten herein gefahren. <\/p>\n\n\n\n<p>Er hatte f\u00fcr jede Klasse eine T\u00fcte mit Geschenken dabei, die er den Klassensprechern \u00fcberreichte. Der Nikolaus lobt die Sch\u00fcler f\u00fcr alles, was sie in diesem Jahr geleistet hatten.<\/p>\n\n\n\n<p>Mit dem Lied &#8222;Dicke, rote Kerzen&#8220; wurde er dann verabschiedet.<\/p>\n","protected":false},"excerpt":{"rendered":"<p>Am 6. Dezember war der Nikolaus bei uns an der Schule. Begleitet wurde er von einem Engel.<\/p>\n","protected":false},"author":9194125,"featured_media":899,"comment_status":"closed","ping_status":"closed","sticky":false,"template":"","format":"standard","meta":{"footnotes":""},"categories":[11],"tags":[],"class_list":["post-898","post","type-post","status-publish","format-standard","has-post-thumbnail","hentry","category-schuljahr-2024-2025"],"_links":{"self":[{"href":"https:\/\/wordpress.nibis.de\/wbsbram\/wp-json\/wp\/v2\/posts\/898","targetHints":{"allow":["GET"]}}],"collection":[{"href":"https:\/\/wordpress.nibis.de\/wbsbram\/wp-json\/wp\/v2\/posts"}],"about":[{"href":"https:\/\/wordpress.nibis.de\/wbsbram\/wp-json\/wp\/v2\/types\/post"}],"author":[{"embeddable":true,"href":"https:\/\/wordpress.nibis.de\/wbsbram\/wp-json\/wp\/v2\/users\/9194125"}],"replies":[{"embeddable":true,"href":"https:\/\/wordpress.nibis.de\/wbsbram\/wp-json\/wp\/v2\/comments?post=898"}],"version-history":[{"count":1,"href":"https:\/\/wordpress.nibis.de\/wbsbram\/wp-json\/wp\/v2\/posts\/898\/revisions"}],"predecessor-version":[{"id":900,"href":"https:\/\/wordpress.nibis.de\/wbsbram\/wp-json\/wp\/v2\/posts\/898\/revisions\/900"}],"wp:featuredmedia":[{"embeddable":true,"href":"https:\/\/wordpress.nibis.de\/wbsbram\/wp-json\/wp\/v2\/media\/899"}],"wp:attachment":[{"href":"https:\/\/wordpress.nibis.de\/wbsbram\/wp-json\/wp\/v2\/media?parent=898"}],"wp:term":[{"taxonomy":"category","embeddable":true,"href":"https:\/\/wordpress.nibis.de\/wbsbram\/wp-json\/wp\/v2\/categories?post=898"},{"taxonomy":"post_tag","embeddable":true,"href":"https:\/\/wordpress.nibis.de\/wbsbram\/wp-json\/wp\/v2\/tags?post=898"}],"curies":[{"name":"wp","href":"https:\/\/api.w.org\/{rel}","templated":true}]}}