{"id":955,"date":"2024-12-19T23:57:40","date_gmt":"2024-12-19T22:57:40","guid":{"rendered":"https:\/\/wordpress.nibis.de\/wbsbram\/?p=955"},"modified":"2025-08-26T21:59:40","modified_gmt":"2025-08-26T19:59:40","slug":"froehliche-weihnacht","status":"publish","type":"post","link":"https:\/\/wordpress.nibis.de\/wbsbram\/2024\/12\/19\/froehliche-weihnacht\/","title":{"rendered":"Fr\u00f6hliche Weihnacht&#8216;!"},"content":{"rendered":"\n<p>Am Donnerstag vor den Weihnachtsferien haben Sch\u00fcler:innen und Mitarbeitende der WBS gemeinsam auf das Jahr 2024 zur\u00fcckgeblickt und sich auf die bevorstehende Weihnachtszeit eingestimmt. <\/p>\n\n\n\n<!--more-->\n\n\n\n<p>Viele Sch\u00fcler:innen hatten Beitr\u00e4ge f\u00fcr die Feier vorbereitet und so auf ganz unterschiedliche Arten die Vorfreude auf Weihnachten geweckt. Es gab Weihnachtslieder, gesungen vom Schulchor, einen Weihnachtsrap, den die Klasse 4 ESE vorgetragen hat, Gedichtvortr\u00e4ge und vieles mehr. <\/p>\n\n\n\n<p>Im Rahmen der Feier wurden auch die Sportabzeichen an die Klassen verteilt, die die Sch\u00fcler:innen sich in diesem Schuljahr erarbeitet haben.<\/p>\n\n\n\n<p>Mit einer Foto-Diashow wurde auf Highlights des vergangenen Schuljahres zur\u00fcckgeblickt wie das Schuljubil\u00e4um, der Schulausflug und unz\u00e4hlige gemeinsame Aktionen der Klassen und Stufen. Ein gelungener Abschluss f\u00fcr ein ereignisreiches und lehrreiches Jahr. <\/p>\n\n\n\n<figure class=\"wp-block-gallery has-nested-images columns-default is-cropped is-style-tw-img-rounded wp-block-gallery-1 is-layout-flex wp-block-gallery-is-layout-flex\">\n<figure class=\"wp-block-image size-large\"><img loading=\"lazy\" decoding=\"async\" width=\"2560\" height=\"1707\" data-id=\"956\" src=\"https:\/\/wordpress.nibis.de\/wbsbram\/files\/2024\/12\/DSC05453-scaled.jpg\" alt=\"\" class=\"wp-image-956\" srcset=\"https:\/\/wordpress.nibis.de\/wbsbram\/files\/2024\/12\/DSC05453-scaled.jpg 2560w, https:\/\/wordpress.nibis.de\/wbsbram\/files\/2024\/12\/DSC05453-300x200.jpg 300w, https:\/\/wordpress.nibis.de\/wbsbram\/files\/2024\/12\/DSC05453-1024x683.jpg 1024w, https:\/\/wordpress.nibis.de\/wbsbram\/files\/2024\/12\/DSC05453-768x512.jpg 768w, https:\/\/wordpress.nibis.de\/wbsbram\/files\/2024\/12\/DSC05453-1536x1024.jpg 1536w, https:\/\/wordpress.nibis.de\/wbsbram\/files\/2024\/12\/DSC05453-2048x1365.jpg 2048w, https:\/\/wordpress.nibis.de\/wbsbram\/files\/2024\/12\/DSC05453-75x50.jpg 75w\" sizes=\"auto, (max-width: 2560px) 100vw, 2560px\" \/><figcaption>Begr\u00fc\u00dfung durch Schulleiter Herrn Schreiber<\/figcaption><\/figure>\n\n\n\n<figure class=\"wp-block-image size-large\"><img loading=\"lazy\" decoding=\"async\" width=\"711\" height=\"1024\" data-id=\"968\" src=\"https:\/\/wordpress.nibis.de\/wbsbram\/files\/2024\/12\/DSC05476-711x1024.jpg\" alt=\"\" class=\"wp-image-968\" \/><figcaption>Gedichtvortrag<\/figcaption><\/figure>\n\n\n\n<figure class=\"wp-block-image size-large\"><img loading=\"lazy\" decoding=\"async\" width=\"620\" height=\"1024\" data-id=\"959\" src=\"https:\/\/wordpress.nibis.de\/wbsbram\/files\/2024\/12\/DSC05495-620x1024.jpg\" alt=\"\" class=\"wp-image-959\" srcset=\"https:\/\/wordpress.nibis.de\/wbsbram\/files\/2024\/12\/DSC05495-620x1024.jpg 620w, https:\/\/wordpress.nibis.de\/wbsbram\/files\/2024\/12\/DSC05495-182x300.jpg 182w, https:\/\/wordpress.nibis.de\/wbsbram\/files\/2024\/12\/DSC05495-768x1269.jpg 768w, https:\/\/wordpress.nibis.de\/wbsbram\/files\/2024\/12\/DSC05495-929x1536.jpg 929w, https:\/\/wordpress.nibis.de\/wbsbram\/files\/2024\/12\/DSC05495-1239x2048.jpg 1239w, https:\/\/wordpress.nibis.de\/wbsbram\/files\/2024\/12\/DSC05495-scaled.jpg 1549w\" sizes=\"auto, (max-width: 620px) 100vw, 620px\" \/><figcaption>Vergabe der Sportabzeichen<\/figcaption><\/figure>\n\n\n\n<figure class=\"wp-block-image size-large\"><img loading=\"lazy\" decoding=\"async\" width=\"683\" height=\"1024\" data-id=\"970\" src=\"https:\/\/wordpress.nibis.de\/wbsbram\/files\/2024\/12\/DSC05442-683x1024.jpg\" alt=\"\" class=\"wp-image-970\" srcset=\"https:\/\/wordpress.nibis.de\/wbsbram\/files\/2024\/12\/DSC05442-683x1024.jpg 683w, https:\/\/wordpress.nibis.de\/wbsbram\/files\/2024\/12\/DSC05442-200x300.jpg 200w, https:\/\/wordpress.nibis.de\/wbsbram\/files\/2024\/12\/DSC05442-768x1152.jpg 768w, https:\/\/wordpress.nibis.de\/wbsbram\/files\/2024\/12\/DSC05442-1024x1536.jpg 1024w, https:\/\/wordpress.nibis.de\/wbsbram\/files\/2024\/12\/DSC05442-1365x2048.jpg 1365w, https:\/\/wordpress.nibis.de\/wbsbram\/files\/2024\/12\/DSC05442-scaled.jpg 1707w\" sizes=\"auto, (max-width: 683px) 100vw, 683px\" \/><\/figure>\n\n\n\n<figure class=\"wp-block-image size-large\"><img loading=\"lazy\" decoding=\"async\" width=\"1024\" height=\"683\" data-id=\"972\" src=\"https:\/\/wordpress.nibis.de\/wbsbram\/files\/2024\/12\/DSC05482-1024x683.jpg\" alt=\"\" class=\"wp-image-972\" srcset=\"https:\/\/wordpress.nibis.de\/wbsbram\/files\/2024\/12\/DSC05482-1024x683.jpg 1024w, https:\/\/wordpress.nibis.de\/wbsbram\/files\/2024\/12\/DSC05482-300x200.jpg 300w, https:\/\/wordpress.nibis.de\/wbsbram\/files\/2024\/12\/DSC05482-768x512.jpg 768w, https:\/\/wordpress.nibis.de\/wbsbram\/files\/2024\/12\/DSC05482-1536x1024.jpg 1536w, https:\/\/wordpress.nibis.de\/wbsbram\/files\/2024\/12\/DSC05482-2048x1365.jpg 2048w, https:\/\/wordpress.nibis.de\/wbsbram\/files\/2024\/12\/DSC05482-75x50.jpg 75w\" sizes=\"auto, (max-width: 1024px) 100vw, 1024px\" \/><\/figure>\n<\/figure>\n","protected":false},"excerpt":{"rendered":"<p>Am Donnerstag vor den Weihnachtsferien haben Sch\u00fcler:innen und Mitarbeitende der WBS gemeinsam auf das Jahr 2024 zur\u00fcckgeblickt und sich auf die bevorstehende Weihnachtszeit eingestimmt.<\/p>\n","protected":false},"author":9194125,"featured_media":968,"comment_status":"closed","ping_status":"closed","sticky":false,"template":"","format":"standard","meta":{"footnotes":""},"categories":[11],"tags":[],"class_list":["post-955","post","type-post","status-publish","format-standard","has-post-thumbnail","hentry","category-schuljahr-2024-2025"],"_links":{"self":[{"href":"https:\/\/wordpress.nibis.de\/wbsbram\/wp-json\/wp\/v2\/posts\/955","targetHints":{"allow":["GET"]}}],"collection":[{"href":"https:\/\/wordpress.nibis.de\/wbsbram\/wp-json\/wp\/v2\/posts"}],"about":[{"href":"https:\/\/wordpress.nibis.de\/wbsbram\/wp-json\/wp\/v2\/types\/post"}],"author":[{"embeddable":true,"href":"https:\/\/wordpress.nibis.de\/wbsbram\/wp-json\/wp\/v2\/users\/9194125"}],"replies":[{"embeddable":true,"href":"https:\/\/wordpress.nibis.de\/wbsbram\/wp-json\/wp\/v2\/comments?post=955"}],"version-history":[{"count":6,"href":"https:\/\/wordpress.nibis.de\/wbsbram\/wp-json\/wp\/v2\/posts\/955\/revisions"}],"predecessor-version":[{"id":973,"href":"https:\/\/wordpress.nibis.de\/wbsbram\/wp-json\/wp\/v2\/posts\/955\/revisions\/973"}],"wp:featuredmedia":[{"embeddable":true,"href":"https:\/\/wordpress.nibis.de\/wbsbram\/wp-json\/wp\/v2\/media\/968"}],"wp:attachment":[{"href":"https:\/\/wordpress.nibis.de\/wbsbram\/wp-json\/wp\/v2\/media?parent=955"}],"wp:term":[{"taxonomy":"category","embeddable":true,"href":"https:\/\/wordpress.nibis.de\/wbsbram\/wp-json\/wp\/v2\/categories?post=955"},{"taxonomy":"post_tag","embeddable":true,"href":"https:\/\/wordpress.nibis.de\/wbsbram\/wp-json\/wp\/v2\/tags?post=955"}],"curies":[{"name":"wp","href":"https:\/\/api.w.org\/{rel}","templated":true}]}}